{"id":22773,"date":"2025-10-25T19:30:33","date_gmt":"2025-10-25T17:30:33","guid":{"rendered":"https:\/\/www.nardosalento.com\/piano-summer-2025\/"},"modified":"2025-10-25T19:37:53","modified_gmt":"2025-10-25T17:37:53","slug":"piano-summer-2025","status":"publish","type":"post","link":"https:\/\/www.nardosalento.com\/de\/piano-summer-2025\/","title":{"rendered":"Piano Summer 2025 vom 16. Oktober bis zum 7. Dezember"},"content":{"rendered":"<p><span class=\"_1vwisb38\" data-testid=\"youchat-text\"><strong>Die Ausgabe 2025 des Piano Summer ist er\u00f6ffnet!<\/strong><br \/>\nEs ist uns eine ganz besondere Freude, auch in diesem Jahr wieder die Salento-Ausgabe dieses angesehenen europ\u00e4ischen Klavierfestivals zu unterst\u00fctzen \u2013 ein Engagement, das wir seit der allerersten Stunde mit Stolz pflegen. In jeder Saison vereint der Piano Summer herausragende, international gefeierte K\u00fcnstlerinnen und K\u00fcnstler, aufstrebende junge Talente und ein begeistertes Publikum, das sich gemeinsam an einem abwechslungsreichen und hochkar\u00e4tigen Programm erfreut. Es ist wirklich ein Vergn\u00fcgen, Teil einer Veranstaltung zu sein, die das Klavier in den Mittelpunkt stellt und die europ\u00e4ische Kultur im Herzen des Salento feiert und f\u00f6rdert.<\/span><\/p>\n<p><span class=\"_1vwisb38\" data-testid=\"youchat-text\"><strong>Hier ist das Programm:<\/strong><\/span><\/p>\n<p><a href=\"https:\/\/www.nardosalento.com\/wp-content\/uploads\/2025\/10\/2025_10_05_Piano_Summer_Italien_Flyer_A5_RZ_page-0002.jpg\" data-rel=\"prettyPhoto[22773]\"><img loading=\"lazy\" decoding=\"async\" class=\"alignnone size-medium wp-image-22760\" src=\"https:\/\/www.nardosalento.com\/wp-content\/uploads\/2025\/10\/2025_10_05_Piano_Summer_Italien_Flyer_A5_RZ_page-0002-212x300.jpg\" alt=\"\" width=\"212\" height=\"300\" srcset=\"https:\/\/www.nardosalento.com\/wp-content\/uploads\/2025\/10\/2025_10_05_Piano_Summer_Italien_Flyer_A5_RZ_page-0002-212x300.jpg 212w, https:\/\/www.nardosalento.com\/wp-content\/uploads\/2025\/10\/2025_10_05_Piano_Summer_Italien_Flyer_A5_RZ_page-0002-725x1024.jpg 725w, https:\/\/www.nardosalento.com\/wp-content\/uploads\/2025\/10\/2025_10_05_Piano_Summer_Italien_Flyer_A5_RZ_page-0002-768x1085.jpg 768w, https:\/\/www.nardosalento.com\/wp-content\/uploads\/2025\/10\/2025_10_05_Piano_Summer_Italien_Flyer_A5_RZ_page-0002.jpg 886w\" sizes=\"auto, (max-width: 212px) 100vw, 212px\" \/><\/a><\/p>\n","protected":false},"excerpt":{"rendered":"<p>Die Ausgabe 2025 des Piano Summer ist er\u00f6ffnet! Es ist uns eine ganz besondere Freude, auch in diesem Jahr wieder die Salento-Ausgabe dieses angesehenen europ\u00e4ischen Klavierfestivals zu unterst\u00fctzen \u2013 ein Engagement, das wir seit der allerersten Stunde mit Stolz pflegen. In jeder Saison vereint der Piano Summer herausragende, international gefeierte[&#8230;]<\/p>\n","protected":false},"author":2,"featured_media":0,"comment_status":"closed","ping_status":"closed","sticky":false,"template":"","format":"standard","meta":{"_monsterinsights_skip_tracking":false,"footnotes":""},"categories":[15],"tags":[],"class_list":["post-22773","post","type-post","status-publish","format-standard","hentry","category-unkategorisiert"],"yoast_head":"<!-- This site is optimized with the Yoast SEO Premium plugin v28.3 (Yoast SEO v28.3) - https:\/\/yoast.com\/product\/yoast-seo-premium-wordpress\/ -->\n<title>Piano Summer 2025 vom 16. Oktober bis zum 7. Dezember | NARD\u00d2SALENTO<\/title>\n<meta name=\"robots\" content=\"index, follow, max-snippet:-1, max-image-preview:large, max-video-preview:-1\" \/>\n<link rel=\"canonical\" href=\"https:\/\/www.nardosalento.com\/de\/piano-summer-2025\/\" \/>\n<meta property=\"og:locale\" content=\"de_DE\" \/>\n<meta property=\"og:type\" content=\"article\" \/>\n<meta property=\"og:title\" content=\"Piano Summer 2025 vom 16. Oktober bis zum 7. Dezember\" \/>\n<meta property=\"og:description\" content=\"Die Ausgabe 2025 des Piano Summer ist er\u00f6ffnet! Es ist uns eine ganz besondere Freude, auch in diesem Jahr wieder die Salento-Ausgabe dieses angesehenen europ\u00e4ischen Klavierfestivals zu unterst\u00fctzen \u2013 ein Engagement, das wir seit der allerersten Stunde mit Stolz pflegen. In jeder Saison vereint der Piano Summer herausragende, international gefeierte[...]\" \/>\n<meta property=\"og:url\" content=\"https:\/\/www.nardosalento.com\/de\/piano-summer-2025\/\" \/>\n<meta property=\"og:site_name\" content=\"NARD\u00d2SALENTO\" \/>\n<meta property=\"article:publisher\" content=\"https:\/\/www.facebook.com\/vincent.decat\" \/>\n<meta property=\"article:published_time\" content=\"2025-10-25T17:30:33+00:00\" \/>\n<meta property=\"article:modified_time\" content=\"2025-10-25T17:37:53+00:00\" \/>\n<meta property=\"og:image\" content=\"https:\/\/www.nardosalento.com\/wp-content\/uploads\/2025\/10\/2025_10_05_Piano_Summer_Italien_Flyer_A5_RZ_page-0002.jpg\" \/>\n\t<meta property=\"og:image:width\" content=\"886\" \/>\n\t<meta property=\"og:image:height\" content=\"1252\" \/>\n\t<meta property=\"og:image:type\" content=\"image\/jpeg\" \/>\n<meta name=\"author\" content=\"Nard\u00f2 Salento\" \/>\n<meta name=\"twitter:card\" content=\"summary_large_image\" \/>\n<meta name=\"twitter:label1\" content=\"Verfasst von\" \/>\n\t<meta name=\"twitter:data1\" content=\"Nard\u00f2 Salento\" \/>\n\t<meta name=\"twitter:label2\" content=\"Gesch\u00e4tzte Lesezeit\" \/>\n\t<meta name=\"twitter:data2\" content=\"1\u00a0Minute\" \/>\n<script type=\"application\/ld+json\" class=\"yoast-schema-graph\">{\"@context\":\"https:\\\/\\\/schema.org\",\"@graph\":[{\"@type\":\"Article\",\"@id\":\"https:\\\/\\\/www.nardosalento.com\\\/de\\\/piano-summer-2025\\\/#article\",\"isPartOf\":{\"@id\":\"https:\\\/\\\/www.nardosalento.com\\\/de\\\/piano-summer-2025\\\/\"},\"author\":{\"name\":\"Nard\u00f2 Salento\",\"@id\":\"https:\\\/\\\/www.nardosalento.com\\\/de\\\/#\\\/schema\\\/person\\\/2ee4e2c591f7f9ac8cac4219eb329016\"},\"headline\":\"Piano Summer 2025 vom 16. Oktober bis zum 7. Dezember\",\"datePublished\":\"2025-10-25T17:30:33+00:00\",\"dateModified\":\"2025-10-25T17:37:53+00:00\",\"mainEntityOfPage\":{\"@id\":\"https:\\\/\\\/www.nardosalento.com\\\/de\\\/piano-summer-2025\\\/\"},\"wordCount\":116,\"publisher\":{\"@id\":\"https:\\\/\\\/www.nardosalento.com\\\/de\\\/#organization\"},\"image\":{\"@id\":\"https:\\\/\\\/www.nardosalento.com\\\/de\\\/piano-summer-2025\\\/#primaryimage\"},\"thumbnailUrl\":\"https:\\\/\\\/www.nardosalento.com\\\/wp-content\\\/uploads\\\/2025\\\/10\\\/2025_10_05_Piano_Summer_Italien_Flyer_A5_RZ_page-0002-212x300.jpg\",\"articleSection\":[\"Unkategorisiert\"],\"inLanguage\":\"de\"},{\"@type\":\"WebPage\",\"@id\":\"https:\\\/\\\/www.nardosalento.com\\\/de\\\/piano-summer-2025\\\/\",\"url\":\"https:\\\/\\\/www.nardosalento.com\\\/de\\\/piano-summer-2025\\\/\",\"name\":\"Piano Summer 2025 vom 16. Oktober bis zum 7. Dezember | NARD\u00d2SALENTO\",\"isPartOf\":{\"@id\":\"https:\\\/\\\/www.nardosalento.com\\\/de\\\/#website\"},\"primaryImageOfPage\":{\"@id\":\"https:\\\/\\\/www.nardosalento.com\\\/de\\\/piano-summer-2025\\\/#primaryimage\"},\"image\":{\"@id\":\"https:\\\/\\\/www.nardosalento.com\\\/de\\\/piano-summer-2025\\\/#primaryimage\"},\"thumbnailUrl\":\"https:\\\/\\\/www.nardosalento.com\\\/wp-content\\\/uploads\\\/2025\\\/10\\\/2025_10_05_Piano_Summer_Italien_Flyer_A5_RZ_page-0002-212x300.jpg\",\"datePublished\":\"2025-10-25T17:30:33+00:00\",\"dateModified\":\"2025-10-25T17:37:53+00:00\",\"breadcrumb\":{\"@id\":\"https:\\\/\\\/www.nardosalento.com\\\/de\\\/piano-summer-2025\\\/#breadcrumb\"},\"inLanguage\":\"de\",\"potentialAction\":[{\"@type\":\"ReadAction\",\"target\":[\"https:\\\/\\\/www.nardosalento.com\\\/de\\\/piano-summer-2025\\\/\"]}]},{\"@type\":\"ImageObject\",\"inLanguage\":\"de\",\"@id\":\"https:\\\/\\\/www.nardosalento.com\\\/de\\\/piano-summer-2025\\\/#primaryimage\",\"url\":\"https:\\\/\\\/www.nardosalento.com\\\/wp-content\\\/uploads\\\/2025\\\/10\\\/2025_10_05_Piano_Summer_Italien_Flyer_A5_RZ_page-0002-212x300.jpg\",\"contentUrl\":\"https:\\\/\\\/www.nardosalento.com\\\/wp-content\\\/uploads\\\/2025\\\/10\\\/2025_10_05_Piano_Summer_Italien_Flyer_A5_RZ_page-0002-212x300.jpg\"},{\"@type\":\"BreadcrumbList\",\"@id\":\"https:\\\/\\\/www.nardosalento.com\\\/de\\\/piano-summer-2025\\\/#breadcrumb\",\"itemListElement\":[{\"@type\":\"ListItem\",\"position\":1,\"name\":\"Home\",\"item\":\"https:\\\/\\\/www.nardosalento.com\\\/de\\\/\"},{\"@type\":\"ListItem\",\"position\":2,\"name\":\"Piano Summer 2025 vom 16. Oktober bis zum 7. Dezember\"}]},{\"@type\":\"WebSite\",\"@id\":\"https:\\\/\\\/www.nardosalento.com\\\/de\\\/#website\",\"url\":\"https:\\\/\\\/www.nardosalento.com\\\/de\\\/\",\"name\":\"NARD\u00d2SALENTO\",\"description\":\"Boutique Appartements im Herzen von Salento\",\"publisher\":{\"@id\":\"https:\\\/\\\/www.nardosalento.com\\\/de\\\/#organization\"},\"potentialAction\":[{\"@type\":\"SearchAction\",\"target\":{\"@type\":\"EntryPoint\",\"urlTemplate\":\"https:\\\/\\\/www.nardosalento.com\\\/de\\\/?s={search_term_string}\"},\"query-input\":{\"@type\":\"PropertyValueSpecification\",\"valueRequired\":true,\"valueName\":\"search_term_string\"}}],\"inLanguage\":\"de\"},{\"@type\":\"Organization\",\"@id\":\"https:\\\/\\\/www.nardosalento.com\\\/de\\\/#organization\",\"name\":\"NARD\u00d2SALENTO\",\"url\":\"https:\\\/\\\/www.nardosalento.com\\\/de\\\/\",\"logo\":{\"@type\":\"ImageObject\",\"inLanguage\":\"de\",\"@id\":\"https:\\\/\\\/www.nardosalento.com\\\/de\\\/#\\\/schema\\\/logo\\\/image\\\/\",\"url\":\"https:\\\/\\\/www.nardosalento.com\\\/wp-content\\\/uploads\\\/2014\\\/03\\\/Touch_icon114x114.gif\",\"contentUrl\":\"https:\\\/\\\/www.nardosalento.com\\\/wp-content\\\/uploads\\\/2014\\\/03\\\/Touch_icon114x114.gif\",\"width\":114,\"height\":114,\"caption\":\"NARD\u00d2SALENTO\"},\"image\":{\"@id\":\"https:\\\/\\\/www.nardosalento.com\\\/de\\\/#\\\/schema\\\/logo\\\/image\\\/\"},\"sameAs\":[\"https:\\\/\\\/www.facebook.com\\\/vincent.decat\",\"https:\\\/\\\/www.instagram.com\\\/nardosalento\\\/\"]},{\"@type\":\"Person\",\"@id\":\"https:\\\/\\\/www.nardosalento.com\\\/de\\\/#\\\/schema\\\/person\\\/2ee4e2c591f7f9ac8cac4219eb329016\",\"name\":\"Nard\u00f2 Salento\",\"image\":{\"@type\":\"ImageObject\",\"inLanguage\":\"de\",\"@id\":\"https:\\\/\\\/secure.gravatar.com\\\/avatar\\\/7c0ab48721dc9157de27234241bccfe86a001e563160c905405f28dd14c66c47?s=96&d=mm&r=g\",\"url\":\"https:\\\/\\\/secure.gravatar.com\\\/avatar\\\/7c0ab48721dc9157de27234241bccfe86a001e563160c905405f28dd14c66c47?s=96&d=mm&r=g\",\"contentUrl\":\"https:\\\/\\\/secure.gravatar.com\\\/avatar\\\/7c0ab48721dc9157de27234241bccfe86a001e563160c905405f28dd14c66c47?s=96&d=mm&r=g\",\"caption\":\"Nard\u00f2 Salento\"},\"sameAs\":[\"http:\\\/\\\/www.nardosalento.com\"]}]}<\/script>\n<!-- \/ Yoast SEO Premium plugin. -->","yoast_head_json":{"title":"Piano Summer 2025 vom 16. Oktober bis zum 7. Dezember | NARD\u00d2SALENTO","robots":{"index":"index","follow":"follow","max-snippet":"max-snippet:-1","max-image-preview":"max-image-preview:large","max-video-preview":"max-video-preview:-1"},"canonical":"https:\/\/www.nardosalento.com\/de\/piano-summer-2025\/","og_locale":"de_DE","og_type":"article","og_title":"Piano Summer 2025 vom 16. Oktober bis zum 7. Dezember","og_description":"Die Ausgabe 2025 des Piano Summer ist er\u00f6ffnet! Es ist uns eine ganz besondere Freude, auch in diesem Jahr wieder die Salento-Ausgabe dieses angesehenen europ\u00e4ischen Klavierfestivals zu unterst\u00fctzen \u2013 ein Engagement, das wir seit der allerersten Stunde mit Stolz pflegen. In jeder Saison vereint der Piano Summer herausragende, international gefeierte[...]","og_url":"https:\/\/www.nardosalento.com\/de\/piano-summer-2025\/","og_site_name":"NARD\u00d2SALENTO","article_publisher":"https:\/\/www.facebook.com\/vincent.decat","article_published_time":"2025-10-25T17:30:33+00:00","article_modified_time":"2025-10-25T17:37:53+00:00","og_image":[{"width":886,"height":1252,"url":"https:\/\/www.nardosalento.com\/wp-content\/uploads\/2025\/10\/2025_10_05_Piano_Summer_Italien_Flyer_A5_RZ_page-0002.jpg","type":"image\/jpeg"}],"author":"Nard\u00f2 Salento","twitter_card":"summary_large_image","twitter_misc":{"Verfasst von":"Nard\u00f2 Salento","Gesch\u00e4tzte Lesezeit":"1\u00a0Minute"},"schema":{"@context":"https:\/\/schema.org","@graph":[{"@type":"Article","@id":"https:\/\/www.nardosalento.com\/de\/piano-summer-2025\/#article","isPartOf":{"@id":"https:\/\/www.nardosalento.com\/de\/piano-summer-2025\/"},"author":{"name":"Nard\u00f2 Salento","@id":"https:\/\/www.nardosalento.com\/de\/#\/schema\/person\/2ee4e2c591f7f9ac8cac4219eb329016"},"headline":"Piano Summer 2025 vom 16. Oktober bis zum 7. Dezember","datePublished":"2025-10-25T17:30:33+00:00","dateModified":"2025-10-25T17:37:53+00:00","mainEntityOfPage":{"@id":"https:\/\/www.nardosalento.com\/de\/piano-summer-2025\/"},"wordCount":116,"publisher":{"@id":"https:\/\/www.nardosalento.com\/de\/#organization"},"image":{"@id":"https:\/\/www.nardosalento.com\/de\/piano-summer-2025\/#primaryimage"},"thumbnailUrl":"https:\/\/www.nardosalento.com\/wp-content\/uploads\/2025\/10\/2025_10_05_Piano_Summer_Italien_Flyer_A5_RZ_page-0002-212x300.jpg","articleSection":["Unkategorisiert"],"inLanguage":"de"},{"@type":"WebPage","@id":"https:\/\/www.nardosalento.com\/de\/piano-summer-2025\/","url":"https:\/\/www.nardosalento.com\/de\/piano-summer-2025\/","name":"Piano Summer 2025 vom 16. Oktober bis zum 7. Dezember | NARD\u00d2SALENTO","isPartOf":{"@id":"https:\/\/www.nardosalento.com\/de\/#website"},"primaryImageOfPage":{"@id":"https:\/\/www.nardosalento.com\/de\/piano-summer-2025\/#primaryimage"},"image":{"@id":"https:\/\/www.nardosalento.com\/de\/piano-summer-2025\/#primaryimage"},"thumbnailUrl":"https:\/\/www.nardosalento.com\/wp-content\/uploads\/2025\/10\/2025_10_05_Piano_Summer_Italien_Flyer_A5_RZ_page-0002-212x300.jpg","datePublished":"2025-10-25T17:30:33+00:00","dateModified":"2025-10-25T17:37:53+00:00","breadcrumb":{"@id":"https:\/\/www.nardosalento.com\/de\/piano-summer-2025\/#breadcrumb"},"inLanguage":"de","potentialAction":[{"@type":"ReadAction","target":["https:\/\/www.nardosalento.com\/de\/piano-summer-2025\/"]}]},{"@type":"ImageObject","inLanguage":"de","@id":"https:\/\/www.nardosalento.com\/de\/piano-summer-2025\/#primaryimage","url":"https:\/\/www.nardosalento.com\/wp-content\/uploads\/2025\/10\/2025_10_05_Piano_Summer_Italien_Flyer_A5_RZ_page-0002-212x300.jpg","contentUrl":"https:\/\/www.nardosalento.com\/wp-content\/uploads\/2025\/10\/2025_10_05_Piano_Summer_Italien_Flyer_A5_RZ_page-0002-212x300.jpg"},{"@type":"BreadcrumbList","@id":"https:\/\/www.nardosalento.com\/de\/piano-summer-2025\/#breadcrumb","itemListElement":[{"@type":"ListItem","position":1,"name":"Home","item":"https:\/\/www.nardosalento.com\/de\/"},{"@type":"ListItem","position":2,"name":"Piano Summer 2025 vom 16. Oktober bis zum 7. Dezember"}]},{"@type":"WebSite","@id":"https:\/\/www.nardosalento.com\/de\/#website","url":"https:\/\/www.nardosalento.com\/de\/","name":"NARD\u00d2SALENTO","description":"Boutique Appartements im Herzen von Salento","publisher":{"@id":"https:\/\/www.nardosalento.com\/de\/#organization"},"potentialAction":[{"@type":"SearchAction","target":{"@type":"EntryPoint","urlTemplate":"https:\/\/www.nardosalento.com\/de\/?s={search_term_string}"},"query-input":{"@type":"PropertyValueSpecification","valueRequired":true,"valueName":"search_term_string"}}],"inLanguage":"de"},{"@type":"Organization","@id":"https:\/\/www.nardosalento.com\/de\/#organization","name":"NARD\u00d2SALENTO","url":"https:\/\/www.nardosalento.com\/de\/","logo":{"@type":"ImageObject","inLanguage":"de","@id":"https:\/\/www.nardosalento.com\/de\/#\/schema\/logo\/image\/","url":"https:\/\/www.nardosalento.com\/wp-content\/uploads\/2014\/03\/Touch_icon114x114.gif","contentUrl":"https:\/\/www.nardosalento.com\/wp-content\/uploads\/2014\/03\/Touch_icon114x114.gif","width":114,"height":114,"caption":"NARD\u00d2SALENTO"},"image":{"@id":"https:\/\/www.nardosalento.com\/de\/#\/schema\/logo\/image\/"},"sameAs":["https:\/\/www.facebook.com\/vincent.decat","https:\/\/www.instagram.com\/nardosalento\/"]},{"@type":"Person","@id":"https:\/\/www.nardosalento.com\/de\/#\/schema\/person\/2ee4e2c591f7f9ac8cac4219eb329016","name":"Nard\u00f2 Salento","image":{"@type":"ImageObject","inLanguage":"de","@id":"https:\/\/secure.gravatar.com\/avatar\/7c0ab48721dc9157de27234241bccfe86a001e563160c905405f28dd14c66c47?s=96&d=mm&r=g","url":"https:\/\/secure.gravatar.com\/avatar\/7c0ab48721dc9157de27234241bccfe86a001e563160c905405f28dd14c66c47?s=96&d=mm&r=g","contentUrl":"https:\/\/secure.gravatar.com\/avatar\/7c0ab48721dc9157de27234241bccfe86a001e563160c905405f28dd14c66c47?s=96&d=mm&r=g","caption":"Nard\u00f2 Salento"},"sameAs":["http:\/\/www.nardosalento.com"]}]}},"_links":{"self":[{"href":"https:\/\/www.nardosalento.com\/de\/wp-json\/wp\/v2\/posts\/22773","targetHints":{"allow":["GET"]}}],"collection":[{"href":"https:\/\/www.nardosalento.com\/de\/wp-json\/wp\/v2\/posts"}],"about":[{"href":"https:\/\/www.nardosalento.com\/de\/wp-json\/wp\/v2\/types\/post"}],"author":[{"embeddable":true,"href":"https:\/\/www.nardosalento.com\/de\/wp-json\/wp\/v2\/users\/2"}],"replies":[{"embeddable":true,"href":"https:\/\/www.nardosalento.com\/de\/wp-json\/wp\/v2\/comments?post=22773"}],"version-history":[{"count":1,"href":"https:\/\/www.nardosalento.com\/de\/wp-json\/wp\/v2\/posts\/22773\/revisions"}],"predecessor-version":[{"id":22774,"href":"https:\/\/www.nardosalento.com\/de\/wp-json\/wp\/v2\/posts\/22773\/revisions\/22774"}],"wp:attachment":[{"href":"https:\/\/www.nardosalento.com\/de\/wp-json\/wp\/v2\/media?parent=22773"}],"wp:term":[{"taxonomy":"category","embeddable":true,"href":"https:\/\/www.nardosalento.com\/de\/wp-json\/wp\/v2\/categories?post=22773"},{"taxonomy":"post_tag","embeddable":true,"href":"https:\/\/www.nardosalento.com\/de\/wp-json\/wp\/v2\/tags?post=22773"}],"curies":[{"name":"wp","href":"https:\/\/api.w.org\/{rel}","templated":true}]}}