{"id":21604,"date":"2021-08-17T17:39:38","date_gmt":"2021-08-17T15:39:38","guid":{"rendered":"https:\/\/www.nardosalento.com\/piano-summer-festival-2021\/"},"modified":"2021-08-17T17:57:33","modified_gmt":"2021-08-17T15:57:33","slug":"piano-summer-festival-2021","status":"publish","type":"post","link":"https:\/\/www.nardosalento.com\/de\/piano-summer-festival-2021\/","title":{"rendered":"Piano Summer 2021"},"content":{"rendered":"<p>Wir freuen uns, das <a href=\"https:\/\/pianosummer.eu\/italy\" target=\"_blank\" rel=\"noopener\">Piano Summer Salento<\/a>, Erstausgabe, eine wunderbare Initiative zu unterst\u00fctzen, die in europ\u00e4ischen St\u00e4dten, in Salento und in Nard\u00f2 stattfindet!<\/p>\n<p><em>Piano Summer Salento<\/em> ist ein Festival f\u00fcr Klaviermusik, das dieses Jahr zum ersten Mal im Salento stattfindet. Es ist Teil der europ\u00e4ischen Initiative \u201ePiano Summer\u201c, die von Zoran Im\u0161irovi\u0107 gegr\u00fcndet wurde und von der Associazione Musicale Piano Summer Salento organisiert wird, die sich zum Ziel gesetzt hat, die Klaviermusik, den kulturellen Austausch und das architektonische und nat\u00fcrliche Erbe der Region Salento zu f\u00f6rdern.<\/p>\n<p>Mit f\u00fcnf Konzerten zwischen 26. August und 3. September im Chiostro dei Carmelitani in Nard\u00f2 und im Castello di Depressa bietet Ihnen die Er\u00f6ffnungssaison trotz ihrer Verkleinerung ein ausgew\u00e4hltes Programm mit Klaviermusik international renommierter K\u00fcnstler.<br \/>\nDie Konzerte finden in Open-Air-Veranstaltungen unter Einhaltung der geltenden hygienischen Anforderungen statt.<br \/>\nAufgrund von Covid sind die Pl\u00e4tze begrenzt.<\/p>\n<p>Klicken Sie hier f\u00fcr <a href=\"https:\/\/oooh.events\/organizzatore\/associazione-musicale-piano-summer-salento\/\" target=\"_blank\" rel=\"noopener\">Tickets<\/a><\/p>\n<p>&nbsp;<\/p>\n<p>&nbsp;<\/p>\n","protected":false},"excerpt":{"rendered":"<p>Wir freuen uns, das Piano Summer Salento, Erstausgabe, eine wunderbare Initiative zu unterst\u00fctzen, die in europ\u00e4ischen St\u00e4dten, in Salento und in Nard\u00f2 stattfindet! Piano Summer Salento ist ein Festival f\u00fcr Klaviermusik, das dieses Jahr zum ersten Mal im Salento stattfindet. Es ist Teil der europ\u00e4ischen Initiative \u201ePiano Summer\u201c, die von[&#8230;]<\/p>\n","protected":false},"author":2,"featured_media":21596,"comment_status":"closed","ping_status":"open","sticky":false,"template":"","format":"standard","meta":{"_monsterinsights_skip_tracking":false,"footnotes":""},"categories":[15],"tags":[],"class_list":["post-21604","post","type-post","status-publish","format-standard","has-post-thumbnail","hentry","category-unkategorisiert"],"yoast_head":"<!-- This site is optimized with the Yoast SEO Premium plugin v28.3 (Yoast SEO v28.3) - https:\/\/yoast.com\/product\/yoast-seo-premium-wordpress\/ -->\n<title>Piano Summer 2021 | NARD\u00d2SALENTO<\/title>\n<meta name=\"robots\" content=\"index, follow, max-snippet:-1, max-image-preview:large, max-video-preview:-1\" \/>\n<link rel=\"canonical\" href=\"https:\/\/www.nardosalento.com\/de\/piano-summer-festival-2021\/\" \/>\n<meta property=\"og:locale\" content=\"de_DE\" \/>\n<meta property=\"og:type\" content=\"article\" \/>\n<meta property=\"og:title\" content=\"Piano Summer 2021\" \/>\n<meta property=\"og:description\" content=\"Wir freuen uns, das Piano Summer Salento, Erstausgabe, eine wunderbare Initiative zu unterst\u00fctzen, die in europ\u00e4ischen St\u00e4dten, in Salento und in Nard\u00f2 stattfindet! Piano Summer Salento ist ein Festival f\u00fcr Klaviermusik, das dieses Jahr zum ersten Mal im Salento stattfindet. Es ist Teil der europ\u00e4ischen Initiative \u201ePiano Summer\u201c, die von[...]\" \/>\n<meta property=\"og:url\" content=\"https:\/\/www.nardosalento.com\/de\/piano-summer-festival-2021\/\" \/>\n<meta property=\"og:site_name\" content=\"NARD\u00d2SALENTO\" \/>\n<meta property=\"article:publisher\" content=\"https:\/\/www.facebook.com\/vincent.decat\" \/>\n<meta property=\"article:published_time\" content=\"2021-08-17T15:39:38+00:00\" \/>\n<meta property=\"article:modified_time\" content=\"2021-08-17T15:57:33+00:00\" \/>\n<meta property=\"og:image\" content=\"https:\/\/www.nardosalento.com\/wp-content\/uploads\/2021\/08\/PIANO-SUMMER-FESTIVAL-scaled.jpg\" \/>\n\t<meta property=\"og:image:width\" content=\"2560\" \/>\n\t<meta property=\"og:image:height\" content=\"1388\" \/>\n\t<meta property=\"og:image:type\" content=\"image\/jpeg\" \/>\n<meta name=\"author\" content=\"Nard\u00f2 Salento\" \/>\n<meta name=\"twitter:card\" content=\"summary_large_image\" \/>\n<meta name=\"twitter:label1\" content=\"Verfasst von\" \/>\n\t<meta name=\"twitter:data1\" content=\"Nard\u00f2 Salento\" \/>\n\t<meta name=\"twitter:label2\" content=\"Gesch\u00e4tzte Lesezeit\" \/>\n\t<meta name=\"twitter:data2\" content=\"1\u00a0Minute\" \/>\n<script type=\"application\/ld+json\" class=\"yoast-schema-graph\">{\"@context\":\"https:\\\/\\\/schema.org\",\"@graph\":[{\"@type\":\"Article\",\"@id\":\"https:\\\/\\\/www.nardosalento.com\\\/de\\\/piano-summer-festival-2021\\\/#article\",\"isPartOf\":{\"@id\":\"https:\\\/\\\/www.nardosalento.com\\\/de\\\/piano-summer-festival-2021\\\/\"},\"author\":{\"name\":\"Nard\u00f2 Salento\",\"@id\":\"https:\\\/\\\/www.nardosalento.com\\\/de\\\/#\\\/schema\\\/person\\\/2ee4e2c591f7f9ac8cac4219eb329016\"},\"headline\":\"Piano Summer 2021\",\"datePublished\":\"2021-08-17T15:39:38+00:00\",\"dateModified\":\"2021-08-17T15:57:33+00:00\",\"mainEntityOfPage\":{\"@id\":\"https:\\\/\\\/www.nardosalento.com\\\/de\\\/piano-summer-festival-2021\\\/\"},\"wordCount\":162,\"publisher\":{\"@id\":\"https:\\\/\\\/www.nardosalento.com\\\/de\\\/#organization\"},\"image\":{\"@id\":\"https:\\\/\\\/www.nardosalento.com\\\/de\\\/piano-summer-festival-2021\\\/#primaryimage\"},\"thumbnailUrl\":\"https:\\\/\\\/www.nardosalento.com\\\/wp-content\\\/uploads\\\/2021\\\/08\\\/PIANO-SUMMER-FESTIVAL-scaled.jpg\",\"articleSection\":[\"Unkategorisiert\"],\"inLanguage\":\"de\"},{\"@type\":\"WebPage\",\"@id\":\"https:\\\/\\\/www.nardosalento.com\\\/de\\\/piano-summer-festival-2021\\\/\",\"url\":\"https:\\\/\\\/www.nardosalento.com\\\/de\\\/piano-summer-festival-2021\\\/\",\"name\":\"Piano Summer 2021 | NARD\u00d2SALENTO\",\"isPartOf\":{\"@id\":\"https:\\\/\\\/www.nardosalento.com\\\/de\\\/#website\"},\"primaryImageOfPage\":{\"@id\":\"https:\\\/\\\/www.nardosalento.com\\\/de\\\/piano-summer-festival-2021\\\/#primaryimage\"},\"image\":{\"@id\":\"https:\\\/\\\/www.nardosalento.com\\\/de\\\/piano-summer-festival-2021\\\/#primaryimage\"},\"thumbnailUrl\":\"https:\\\/\\\/www.nardosalento.com\\\/wp-content\\\/uploads\\\/2021\\\/08\\\/PIANO-SUMMER-FESTIVAL-scaled.jpg\",\"datePublished\":\"2021-08-17T15:39:38+00:00\",\"dateModified\":\"2021-08-17T15:57:33+00:00\",\"breadcrumb\":{\"@id\":\"https:\\\/\\\/www.nardosalento.com\\\/de\\\/piano-summer-festival-2021\\\/#breadcrumb\"},\"inLanguage\":\"de\",\"potentialAction\":[{\"@type\":\"ReadAction\",\"target\":[\"https:\\\/\\\/www.nardosalento.com\\\/de\\\/piano-summer-festival-2021\\\/\"]}]},{\"@type\":\"ImageObject\",\"inLanguage\":\"de\",\"@id\":\"https:\\\/\\\/www.nardosalento.com\\\/de\\\/piano-summer-festival-2021\\\/#primaryimage\",\"url\":\"https:\\\/\\\/www.nardosalento.com\\\/wp-content\\\/uploads\\\/2021\\\/08\\\/PIANO-SUMMER-FESTIVAL-scaled.jpg\",\"contentUrl\":\"https:\\\/\\\/www.nardosalento.com\\\/wp-content\\\/uploads\\\/2021\\\/08\\\/PIANO-SUMMER-FESTIVAL-scaled.jpg\",\"width\":2560,\"height\":1388,\"caption\":\"piano summer festival\"},{\"@type\":\"BreadcrumbList\",\"@id\":\"https:\\\/\\\/www.nardosalento.com\\\/de\\\/piano-summer-festival-2021\\\/#breadcrumb\",\"itemListElement\":[{\"@type\":\"ListItem\",\"position\":1,\"name\":\"Home\",\"item\":\"https:\\\/\\\/www.nardosalento.com\\\/de\\\/\"},{\"@type\":\"ListItem\",\"position\":2,\"name\":\"Piano Summer 2021\"}]},{\"@type\":\"WebSite\",\"@id\":\"https:\\\/\\\/www.nardosalento.com\\\/de\\\/#website\",\"url\":\"https:\\\/\\\/www.nardosalento.com\\\/de\\\/\",\"name\":\"NARD\u00d2SALENTO\",\"description\":\"Boutique Appartements im Herzen von Salento\",\"publisher\":{\"@id\":\"https:\\\/\\\/www.nardosalento.com\\\/de\\\/#organization\"},\"potentialAction\":[{\"@type\":\"SearchAction\",\"target\":{\"@type\":\"EntryPoint\",\"urlTemplate\":\"https:\\\/\\\/www.nardosalento.com\\\/de\\\/?s={search_term_string}\"},\"query-input\":{\"@type\":\"PropertyValueSpecification\",\"valueRequired\":true,\"valueName\":\"search_term_string\"}}],\"inLanguage\":\"de\"},{\"@type\":\"Organization\",\"@id\":\"https:\\\/\\\/www.nardosalento.com\\\/de\\\/#organization\",\"name\":\"NARD\u00d2SALENTO\",\"url\":\"https:\\\/\\\/www.nardosalento.com\\\/de\\\/\",\"logo\":{\"@type\":\"ImageObject\",\"inLanguage\":\"de\",\"@id\":\"https:\\\/\\\/www.nardosalento.com\\\/de\\\/#\\\/schema\\\/logo\\\/image\\\/\",\"url\":\"https:\\\/\\\/www.nardosalento.com\\\/wp-content\\\/uploads\\\/2014\\\/03\\\/Touch_icon114x114.gif\",\"contentUrl\":\"https:\\\/\\\/www.nardosalento.com\\\/wp-content\\\/uploads\\\/2014\\\/03\\\/Touch_icon114x114.gif\",\"width\":114,\"height\":114,\"caption\":\"NARD\u00d2SALENTO\"},\"image\":{\"@id\":\"https:\\\/\\\/www.nardosalento.com\\\/de\\\/#\\\/schema\\\/logo\\\/image\\\/\"},\"sameAs\":[\"https:\\\/\\\/www.facebook.com\\\/vincent.decat\",\"https:\\\/\\\/www.instagram.com\\\/nardosalento\\\/\"]},{\"@type\":\"Person\",\"@id\":\"https:\\\/\\\/www.nardosalento.com\\\/de\\\/#\\\/schema\\\/person\\\/2ee4e2c591f7f9ac8cac4219eb329016\",\"name\":\"Nard\u00f2 Salento\",\"image\":{\"@type\":\"ImageObject\",\"inLanguage\":\"de\",\"@id\":\"https:\\\/\\\/secure.gravatar.com\\\/avatar\\\/7c0ab48721dc9157de27234241bccfe86a001e563160c905405f28dd14c66c47?s=96&d=mm&r=g\",\"url\":\"https:\\\/\\\/secure.gravatar.com\\\/avatar\\\/7c0ab48721dc9157de27234241bccfe86a001e563160c905405f28dd14c66c47?s=96&d=mm&r=g\",\"contentUrl\":\"https:\\\/\\\/secure.gravatar.com\\\/avatar\\\/7c0ab48721dc9157de27234241bccfe86a001e563160c905405f28dd14c66c47?s=96&d=mm&r=g\",\"caption\":\"Nard\u00f2 Salento\"},\"sameAs\":[\"http:\\\/\\\/www.nardosalento.com\"]}]}<\/script>\n<!-- \/ Yoast SEO Premium plugin. -->","yoast_head_json":{"title":"Piano Summer 2021 | NARD\u00d2SALENTO","robots":{"index":"index","follow":"follow","max-snippet":"max-snippet:-1","max-image-preview":"max-image-preview:large","max-video-preview":"max-video-preview:-1"},"canonical":"https:\/\/www.nardosalento.com\/de\/piano-summer-festival-2021\/","og_locale":"de_DE","og_type":"article","og_title":"Piano Summer 2021","og_description":"Wir freuen uns, das Piano Summer Salento, Erstausgabe, eine wunderbare Initiative zu unterst\u00fctzen, die in europ\u00e4ischen St\u00e4dten, in Salento und in Nard\u00f2 stattfindet! Piano Summer Salento ist ein Festival f\u00fcr Klaviermusik, das dieses Jahr zum ersten Mal im Salento stattfindet. Es ist Teil der europ\u00e4ischen Initiative \u201ePiano Summer\u201c, die von[...]","og_url":"https:\/\/www.nardosalento.com\/de\/piano-summer-festival-2021\/","og_site_name":"NARD\u00d2SALENTO","article_publisher":"https:\/\/www.facebook.com\/vincent.decat","article_published_time":"2021-08-17T15:39:38+00:00","article_modified_time":"2021-08-17T15:57:33+00:00","og_image":[{"width":2560,"height":1388,"url":"https:\/\/www.nardosalento.com\/wp-content\/uploads\/2021\/08\/PIANO-SUMMER-FESTIVAL-scaled.jpg","type":"image\/jpeg"}],"author":"Nard\u00f2 Salento","twitter_card":"summary_large_image","twitter_misc":{"Verfasst von":"Nard\u00f2 Salento","Gesch\u00e4tzte Lesezeit":"1\u00a0Minute"},"schema":{"@context":"https:\/\/schema.org","@graph":[{"@type":"Article","@id":"https:\/\/www.nardosalento.com\/de\/piano-summer-festival-2021\/#article","isPartOf":{"@id":"https:\/\/www.nardosalento.com\/de\/piano-summer-festival-2021\/"},"author":{"name":"Nard\u00f2 Salento","@id":"https:\/\/www.nardosalento.com\/de\/#\/schema\/person\/2ee4e2c591f7f9ac8cac4219eb329016"},"headline":"Piano Summer 2021","datePublished":"2021-08-17T15:39:38+00:00","dateModified":"2021-08-17T15:57:33+00:00","mainEntityOfPage":{"@id":"https:\/\/www.nardosalento.com\/de\/piano-summer-festival-2021\/"},"wordCount":162,"publisher":{"@id":"https:\/\/www.nardosalento.com\/de\/#organization"},"image":{"@id":"https:\/\/www.nardosalento.com\/de\/piano-summer-festival-2021\/#primaryimage"},"thumbnailUrl":"https:\/\/www.nardosalento.com\/wp-content\/uploads\/2021\/08\/PIANO-SUMMER-FESTIVAL-scaled.jpg","articleSection":["Unkategorisiert"],"inLanguage":"de"},{"@type":"WebPage","@id":"https:\/\/www.nardosalento.com\/de\/piano-summer-festival-2021\/","url":"https:\/\/www.nardosalento.com\/de\/piano-summer-festival-2021\/","name":"Piano Summer 2021 | NARD\u00d2SALENTO","isPartOf":{"@id":"https:\/\/www.nardosalento.com\/de\/#website"},"primaryImageOfPage":{"@id":"https:\/\/www.nardosalento.com\/de\/piano-summer-festival-2021\/#primaryimage"},"image":{"@id":"https:\/\/www.nardosalento.com\/de\/piano-summer-festival-2021\/#primaryimage"},"thumbnailUrl":"https:\/\/www.nardosalento.com\/wp-content\/uploads\/2021\/08\/PIANO-SUMMER-FESTIVAL-scaled.jpg","datePublished":"2021-08-17T15:39:38+00:00","dateModified":"2021-08-17T15:57:33+00:00","breadcrumb":{"@id":"https:\/\/www.nardosalento.com\/de\/piano-summer-festival-2021\/#breadcrumb"},"inLanguage":"de","potentialAction":[{"@type":"ReadAction","target":["https:\/\/www.nardosalento.com\/de\/piano-summer-festival-2021\/"]}]},{"@type":"ImageObject","inLanguage":"de","@id":"https:\/\/www.nardosalento.com\/de\/piano-summer-festival-2021\/#primaryimage","url":"https:\/\/www.nardosalento.com\/wp-content\/uploads\/2021\/08\/PIANO-SUMMER-FESTIVAL-scaled.jpg","contentUrl":"https:\/\/www.nardosalento.com\/wp-content\/uploads\/2021\/08\/PIANO-SUMMER-FESTIVAL-scaled.jpg","width":2560,"height":1388,"caption":"piano summer festival"},{"@type":"BreadcrumbList","@id":"https:\/\/www.nardosalento.com\/de\/piano-summer-festival-2021\/#breadcrumb","itemListElement":[{"@type":"ListItem","position":1,"name":"Home","item":"https:\/\/www.nardosalento.com\/de\/"},{"@type":"ListItem","position":2,"name":"Piano Summer 2021"}]},{"@type":"WebSite","@id":"https:\/\/www.nardosalento.com\/de\/#website","url":"https:\/\/www.nardosalento.com\/de\/","name":"NARD\u00d2SALENTO","description":"Boutique Appartements im Herzen von Salento","publisher":{"@id":"https:\/\/www.nardosalento.com\/de\/#organization"},"potentialAction":[{"@type":"SearchAction","target":{"@type":"EntryPoint","urlTemplate":"https:\/\/www.nardosalento.com\/de\/?s={search_term_string}"},"query-input":{"@type":"PropertyValueSpecification","valueRequired":true,"valueName":"search_term_string"}}],"inLanguage":"de"},{"@type":"Organization","@id":"https:\/\/www.nardosalento.com\/de\/#organization","name":"NARD\u00d2SALENTO","url":"https:\/\/www.nardosalento.com\/de\/","logo":{"@type":"ImageObject","inLanguage":"de","@id":"https:\/\/www.nardosalento.com\/de\/#\/schema\/logo\/image\/","url":"https:\/\/www.nardosalento.com\/wp-content\/uploads\/2014\/03\/Touch_icon114x114.gif","contentUrl":"https:\/\/www.nardosalento.com\/wp-content\/uploads\/2014\/03\/Touch_icon114x114.gif","width":114,"height":114,"caption":"NARD\u00d2SALENTO"},"image":{"@id":"https:\/\/www.nardosalento.com\/de\/#\/schema\/logo\/image\/"},"sameAs":["https:\/\/www.facebook.com\/vincent.decat","https:\/\/www.instagram.com\/nardosalento\/"]},{"@type":"Person","@id":"https:\/\/www.nardosalento.com\/de\/#\/schema\/person\/2ee4e2c591f7f9ac8cac4219eb329016","name":"Nard\u00f2 Salento","image":{"@type":"ImageObject","inLanguage":"de","@id":"https:\/\/secure.gravatar.com\/avatar\/7c0ab48721dc9157de27234241bccfe86a001e563160c905405f28dd14c66c47?s=96&d=mm&r=g","url":"https:\/\/secure.gravatar.com\/avatar\/7c0ab48721dc9157de27234241bccfe86a001e563160c905405f28dd14c66c47?s=96&d=mm&r=g","contentUrl":"https:\/\/secure.gravatar.com\/avatar\/7c0ab48721dc9157de27234241bccfe86a001e563160c905405f28dd14c66c47?s=96&d=mm&r=g","caption":"Nard\u00f2 Salento"},"sameAs":["http:\/\/www.nardosalento.com"]}]}},"_links":{"self":[{"href":"https:\/\/www.nardosalento.com\/de\/wp-json\/wp\/v2\/posts\/21604","targetHints":{"allow":["GET"]}}],"collection":[{"href":"https:\/\/www.nardosalento.com\/de\/wp-json\/wp\/v2\/posts"}],"about":[{"href":"https:\/\/www.nardosalento.com\/de\/wp-json\/wp\/v2\/types\/post"}],"author":[{"embeddable":true,"href":"https:\/\/www.nardosalento.com\/de\/wp-json\/wp\/v2\/users\/2"}],"replies":[{"embeddable":true,"href":"https:\/\/www.nardosalento.com\/de\/wp-json\/wp\/v2\/comments?post=21604"}],"version-history":[{"count":3,"href":"https:\/\/www.nardosalento.com\/de\/wp-json\/wp\/v2\/posts\/21604\/revisions"}],"predecessor-version":[{"id":21613,"href":"https:\/\/www.nardosalento.com\/de\/wp-json\/wp\/v2\/posts\/21604\/revisions\/21613"}],"wp:featuredmedia":[{"embeddable":true,"href":"https:\/\/www.nardosalento.com\/de\/wp-json\/wp\/v2\/media\/21596"}],"wp:attachment":[{"href":"https:\/\/www.nardosalento.com\/de\/wp-json\/wp\/v2\/media?parent=21604"}],"wp:term":[{"taxonomy":"category","embeddable":true,"href":"https:\/\/www.nardosalento.com\/de\/wp-json\/wp\/v2\/categories?post=21604"},{"taxonomy":"post_tag","embeddable":true,"href":"https:\/\/www.nardosalento.com\/de\/wp-json\/wp\/v2\/tags?post=21604"}],"curies":[{"name":"wp","href":"https:\/\/api.w.org\/{rel}","templated":true}]}}